{"id":1930,"date":"2024-08-05T17:59:56","date_gmt":"2024-08-05T15:59:56","guid":{"rendered":"https:\/\/crisbelproduction.fr\/?p=1930"},"modified":"2025-08-20T20:32:47","modified_gmt":"2025-08-20T18:32:47","slug":"en-exclusivite-extrait-du-prochain-titre-davryl-seule","status":"publish","type":"post","link":"https:\/\/crisbelproduction.fr\/?p=1930","title":{"rendered":"AVRYL &#8211; En exclusivit\u00e9 : extrait du prochain titre &#8211; Seule"},"content":{"rendered":"\n<div class=\"wp-block-media-text is-stacked-on-mobile is-vertically-aligned-top\"><figure class=\"wp-block-media-text__media\"><video controls src=\"https:\/\/crisbelproduction.fr\/wp-content\/uploads\/2024\/08\/seule.mp4\"><\/video><\/figure><div class=\"wp-block-media-text__content\">\n<p>D\u00e9couvrez un extrait du tout nouveau titre d&rsquo;Avryl, \u00ab\u00a0Seule\u00a0\u00bb, interpr\u00e9t\u00e9 \u00e0 l&rsquo;occasion du festival musical du Luberon.<\/p>\n\n\n\n<p>Ce titre fera partie du prochain album pr\u00e9vu pour cet automne.<\/p>\n\n\n\n<figure class=\"wp-block-embed is-type-wp-embed is-provider-crisbel-production wp-block-embed-crisbel-production\"><div class=\"wp-block-embed__wrapper\">\n<blockquote class=\"wp-embedded-content\" data-secret=\"GfBv4jRAyj\"><a href=\"https:\/\/crisbelproduction.fr\/?p=1914\">C&rsquo;ETAIT LE 05 JUILLET AU LUBERON TREMPLIN MUSICAL !<\/a><\/blockquote><iframe loading=\"lazy\" class=\"wp-embedded-content\" sandbox=\"allow-scripts\" security=\"restricted\" style=\"position: absolute; visibility: hidden;\" title=\"\u00ab\u00a0C&rsquo;ETAIT LE 05 JUILLET AU LUBERON TREMPLIN MUSICAL !\u00a0\u00bb &#8212; CRISBEL PRODUCTION\" src=\"https:\/\/crisbelproduction.fr\/?p=1914&#038;embed=true#?secret=840bQxUpGI#?secret=GfBv4jRAyj\" data-secret=\"GfBv4jRAyj\" width=\"600\" height=\"338\" frameborder=\"0\" marginwidth=\"0\" marginheight=\"0\" scrolling=\"no\"><\/iframe>\n<\/div><\/figure>\n\n\n\n<p><\/p>\n<\/div><\/div>\n","protected":false},"excerpt":{"rendered":"<p>D\u00e9couvrez un extrait du tout nouveau titre d&rsquo;Avryl, \u00ab\u00a0Seule\u00a0\u00bb, interpr\u00e9t\u00e9 \u00e0 l&rsquo;occasion du festival musical du Luberon.<\/p>\n","protected":false},"author":1,"featured_media":2141,"comment_status":"closed","ping_status":"closed","sticky":false,"template":"","format":"standard","meta":{"footnotes":""},"categories":[55,69,57,45],"tags":[102],"class_list":["post-1930","post","type-post","status-publish","format-standard","has-post-thumbnail","hentry","category-artistes","category-avryl","category-scenes","category-titres","tag-popvariete-francaise","two-columns"],"_links":{"self":[{"href":"https:\/\/crisbelproduction.fr\/index.php?rest_route=\/wp\/v2\/posts\/1930","targetHints":{"allow":["GET"]}}],"collection":[{"href":"https:\/\/crisbelproduction.fr\/index.php?rest_route=\/wp\/v2\/posts"}],"about":[{"href":"https:\/\/crisbelproduction.fr\/index.php?rest_route=\/wp\/v2\/types\/post"}],"author":[{"embeddable":true,"href":"https:\/\/crisbelproduction.fr\/index.php?rest_route=\/wp\/v2\/users\/1"}],"replies":[{"embeddable":true,"href":"https:\/\/crisbelproduction.fr\/index.php?rest_route=%2Fwp%2Fv2%2Fcomments&post=1930"}],"version-history":[{"count":3,"href":"https:\/\/crisbelproduction.fr\/index.php?rest_route=\/wp\/v2\/posts\/1930\/revisions"}],"predecessor-version":[{"id":2142,"href":"https:\/\/crisbelproduction.fr\/index.php?rest_route=\/wp\/v2\/posts\/1930\/revisions\/2142"}],"wp:featuredmedia":[{"embeddable":true,"href":"https:\/\/crisbelproduction.fr\/index.php?rest_route=\/wp\/v2\/media\/2141"}],"wp:attachment":[{"href":"https:\/\/crisbelproduction.fr\/index.php?rest_route=%2Fwp%2Fv2%2Fmedia&parent=1930"}],"wp:term":[{"taxonomy":"category","embeddable":true,"href":"https:\/\/crisbelproduction.fr\/index.php?rest_route=%2Fwp%2Fv2%2Fcategories&post=1930"},{"taxonomy":"post_tag","embeddable":true,"href":"https:\/\/crisbelproduction.fr\/index.php?rest_route=%2Fwp%2Fv2%2Ftags&post=1930"}],"curies":[{"name":"wp","href":"https:\/\/api.w.org\/{rel}","templated":true}]}}